{"id":687,"date":"2019-09-10T09:35:05","date_gmt":"2019-09-10T09:35:05","guid":{"rendered":"http:\/\/5ghorses.com\/?p=687"},"modified":"2019-12-01T13:24:48","modified_gmt":"2019-12-01T13:24:48","slug":"viidella-vaihteella-vermo-7-9-2019","status":"publish","type":"post","link":"http:\/\/5ghorses.com\/index.php\/2019\/09\/10\/viidella-vaihteella-vermo-7-9-2019\/","title":{"rendered":"Viidell\u00e4 vaihteella, islanninhevoset Vermossa  7.9.2019"},"content":{"rendered":"\n<figure class=\"wp-block-embed-facebook wp-block-embed is-type-video is-provider-facebook\"><div class=\"wp-block-embed__wrapper\">\n<div id=\"fb-root\"><\/div><script async=\"1\" defer=\"1\" crossorigin=\"anonymous\" src=\"https:\/\/connect.facebook.net\/fi_FI\/sdk.js#xfbml=1&amp;version=v5.0\"><\/script><div class=\"fb-video\" data-href=\"https:\/\/www.facebook.com\/5ghorses\/videos\/407392863247154\/?modal=admin_todo_tour\" data-width=\"900\"><blockquote cite=\"https:\/\/www.facebook.com\/5ghorses\/videos\/407392863247154\/\" class=\"fb-xfbml-parse-ignore\"><a href=\"https:\/\/www.facebook.com\/5ghorses\/videos\/407392863247154\/\">P2 Vermossa, Kerttu ja Svala<\/a><p>Viidel\u00e4 vaihteella -islanninhevoset Vermossa tapahtumasta Kerttu ja Svala speedpassi<\/p>Julkaissut <a href=\"https:\/\/www.facebook.com\/5ghorses\/\">5Ghorses<\/a> Tiistaina 10. syyskuuta 2019<\/blockquote><\/div>\n<\/div><\/figure>\n\n\n\n<p>Suomen islanninhevosyhdistys (SIHY) ja yhdistyksen passitoimikunta ja paikalliskerhot Hestamannaf\u00e9lagid Dr\u00f3mi ja Hestneisti sek\u00e4 gaedingakeppni seura Stormur, Ravikoulu ja Vermo Areena j\u00e4rjestiv\u00e4t koko perheen tapahtuman Vermon raviradalla.<br><br>Meilt\u00e4 mukana Kaakkolan myym\u00e4l\u00e4kontti, Kerttu ja Svala, jotka tarjosivat samalla MM-kisamatkan tukijoilleen kakkukahvit kontilla. Ratsukko osallistui voittoisasta kahteen passikilpailuun sek\u00e4 islanninhevonen vs ravuri kilpaan, jossa valitettavasti ei saatu tulosta.<br>Lis\u00e4ksi Kerttu osallistui gaedingakeppniin Fengur orilla.<br>Laura osallistui my\u00f6s gaedingakeppniin hevosella Vopni tullen kolmanneksi.<br><\/p>\n\n\n\n<figure class=\"wp-block-image\"><img loading=\"lazy\" width=\"1024\" height=\"949\" src=\"http:\/\/5ghorses.com\/wp-content\/uploads\/2019\/09\/vopnilaura-1024x949.jpg\" alt=\"\" class=\"wp-image-713\" srcset=\"http:\/\/5ghorses.com\/wp-content\/uploads\/2019\/09\/vopnilaura-1024x949.jpg 1024w, http:\/\/5ghorses.com\/wp-content\/uploads\/2019\/09\/vopnilaura-300x278.jpg 300w, http:\/\/5ghorses.com\/wp-content\/uploads\/2019\/09\/vopnilaura-768x712.jpg 768w, http:\/\/5ghorses.com\/wp-content\/uploads\/2019\/09\/vopnilaura-400x371.jpg 400w, http:\/\/5ghorses.com\/wp-content\/uploads\/2019\/09\/vopnilaura-600x556.jpg 600w, http:\/\/5ghorses.com\/wp-content\/uploads\/2019\/09\/vopnilaura.jpg 2048w\" sizes=\"(max-width: 1024px) 100vw, 1024px\" \/><figcaption>Laura Nystr\u00f6m ja Vopni<br>Kuva: Johanna Vaurio-Ter\u00e4v\u00e4inen<\/figcaption><\/figure>\n\n\n\n<p> Tapahtuma oli PR-tilaisuus ja onnistui hyvin, toivottavasti j\u00e4\u00e4 perinteeksi ja kehittyy vuosien mittaan isommaksikin. Vermossa oli mukava tunnelma ja tilaa toteuttaa vaikka mit\u00e4. Nyt oli mukana mm. laukkakisat islanninhevosille, Limut\u00f6ltti-kutsukilpailu, keppariohjelmaa, Suomen Islanninhevosyhdistyksen esittely\u00e4 ja myyntituotteita.  <\/p>\n\n\n\n<p>Hevosurheilu-lehden kuvia tapahtumasta.<\/p>\n\n\n\n<figure class=\"wp-block-embed-facebook wp-block-embed is-type-rich is-provider-facebook\"><div class=\"wp-block-embed__wrapper\">\n<div id=\"fb-root\"><\/div><script async=\"1\" defer=\"1\" crossorigin=\"anonymous\" src=\"https:\/\/connect.facebook.net\/fi_FI\/sdk.js#xfbml=1&amp;version=v5.0\"><\/script><div class=\"fb-post\" data-href=\"https:\/\/www.facebook.com\/Hevosurheilu\/photos\/pcb.3238455982846259\/3238431589515365\/?type=3&amp;theater\" data-width=\"750\"><blockquote cite=\"https:\/\/www.facebook.com\/Hevosurheilu\/photos\/a.424489284242957\/3238431589515365\/?type=3\" class=\"fb-xfbml-parse-ignore\"><p>Gerda-Eerika Viinanen ja Svala fr\u00e1 Minni-Borg hoitivat passikilpailun voiton kotiin. Yhteenotto ravuri vastaan&#8230;<\/p>Julkaissut <a href=\"https:\/\/www.facebook.com\/Hevosurheilu\/\">Hevosurheilu<\/a>&nbsp;<a href=\"https:\/\/www.facebook.com\/Hevosurheilu\/photos\/a.424489284242957\/3238431589515365\/?type=3\">Lauantaina 7. syyskuuta 2019<\/a><\/blockquote><\/div>\n<\/div><\/figure>\n\n\n\n<p>Johanna Vaurio-Ter\u00e4v\u00e4isen kuvia tapahtumasta.<\/p>\n\n\n\n<figure class=\"wp-block-embed-facebook wp-block-embed is-type-rich is-provider-facebook\"><div class=\"wp-block-embed__wrapper\">\n<div id=\"fb-root\"><\/div><script async=\"1\" defer=\"1\" crossorigin=\"anonymous\" src=\"https:\/\/connect.facebook.net\/fi_FI\/sdk.js#xfbml=1&amp;version=v4.0\"><\/script><div class=\"fb-post\" data-href=\"https:\/\/www.facebook.com\/photo.php?fbid=10157495328447733&amp;set=pcb.10157495332467733&amp;type=3&amp;theater\" data-width=\"750\"><blockquote cite=\"https:\/\/www.facebook.com\/photo.php?fbid=10157495328447733&amp;set=a.226259962732&amp;type=3\" class=\"fb-xfbml-parse-ignore\">Julkaissut <a href=\"https:\/\/www.facebook.com\/Taikatassu\">Johanna Vaurio-Ter\u00e4v\u00e4inen<\/a>&nbsp;<a href=\"https:\/\/www.facebook.com\/photo.php?fbid=10157495328447733&amp;set=a.226259962732&amp;type=3\">Lauantaina 7. syyskuuta 2019<\/a><\/blockquote><\/div>\n<\/div><\/figure>\n","protected":false},"excerpt":{"rendered":"<p>Suomen islanninhevosyhdistys (SIHY) ja yhdistyksen passitoimikunta ja paikalliskerhot Hestamannaf\u00e9lagid Dr\u00f3mi ja Hestneisti sek\u00e4 gaedingakeppni seura Stormur, Ravikoulu ja Vermo Areena j\u00e4rjestiv\u00e4t koko perheen tapahtuman Vermon raviradalla. Meilt\u00e4 mukana Kaakkolan myym\u00e4l\u00e4kontti,&hellip;<\/p>\n<div class=\"read-more\"><a href=\"http:\/\/5ghorses.com\/index.php\/2019\/09\/10\/viidella-vaihteella-vermo-7-9-2019\/\" class=\"read-more-link\">See More<\/a><\/div>\n","protected":false},"author":1,"featured_media":713,"comment_status":"open","ping_status":"open","sticky":false,"template":"","format":"standard","meta":{"sfsi_plus_gutenberg_text_before_share":"","sfsi_plus_gutenberg_show_text_before_share":"","sfsi_plus_gutenberg_icon_type":"","sfsi_plus_gutenberg_icon_alignemt":"","sfsi_plus_gutenburg_max_per_row":""},"categories":[23,25,26],"tags":[],"_links":{"self":[{"href":"http:\/\/5ghorses.com\/index.php\/wp-json\/wp\/v2\/posts\/687"}],"collection":[{"href":"http:\/\/5ghorses.com\/index.php\/wp-json\/wp\/v2\/posts"}],"about":[{"href":"http:\/\/5ghorses.com\/index.php\/wp-json\/wp\/v2\/types\/post"}],"author":[{"embeddable":true,"href":"http:\/\/5ghorses.com\/index.php\/wp-json\/wp\/v2\/users\/1"}],"replies":[{"embeddable":true,"href":"http:\/\/5ghorses.com\/index.php\/wp-json\/wp\/v2\/comments?post=687"}],"version-history":[{"count":12,"href":"http:\/\/5ghorses.com\/index.php\/wp-json\/wp\/v2\/posts\/687\/revisions"}],"predecessor-version":[{"id":721,"href":"http:\/\/5ghorses.com\/index.php\/wp-json\/wp\/v2\/posts\/687\/revisions\/721"}],"wp:featuredmedia":[{"embeddable":true,"href":"http:\/\/5ghorses.com\/index.php\/wp-json\/wp\/v2\/media\/713"}],"wp:attachment":[{"href":"http:\/\/5ghorses.com\/index.php\/wp-json\/wp\/v2\/media?parent=687"}],"wp:term":[{"taxonomy":"category","embeddable":true,"href":"http:\/\/5ghorses.com\/index.php\/wp-json\/wp\/v2\/categories?post=687"},{"taxonomy":"post_tag","embeddable":true,"href":"http:\/\/5ghorses.com\/index.php\/wp-json\/wp\/v2\/tags?post=687"}],"curies":[{"name":"wp","href":"https:\/\/api.w.org\/{rel}","templated":true}]}}