{"id":43096,"date":"2022-08-17T08:38:03","date_gmt":"2022-08-17T08:38:03","guid":{"rendered":"http:\/\/5ghorses.com\/?p=43096"},"modified":"2022-08-18T10:18:45","modified_gmt":"2022-08-18T10:18:45","slug":"kertulle-kaksi-pm-kultaa","status":"publish","type":"post","link":"http:\/\/5ghorses.com\/index.php\/2022\/08\/17\/kertulle-kaksi-pm-kultaa\/","title":{"rendered":"Nordic Championships Icelandic Horses"},"content":{"rendered":"\n<p>Pohjoismaiset mestaruuskilpailut pidettiin lopultakin Suomessa, Ahvenanmaalla 9.-14.8.2022. Mukana oli enn\u00e4tysm\u00e4\u00e4r\u00e4 l\u00e4ht\u00f6j\u00e4 ja ratsukoita Islannista, Ruotsista, Norjasta, Tanskasta, F\u00e4rsaarilta ja tietenkin Suomesta.<br>Tiimist\u00e4mme mukaan maajoukkueeseen oli valittu nuorista Gerda-Eerika, Miina ja Veera, senioreihin Laura sek\u00e4 sportiin ett\u00e4 Gaedingakepniin.<\/p>\n\n\n\n<p>Matka Ahvenanmaalle sujui hyvin, kaikki hevoset matkustivat rutiinilla ja paikalla oltiin jo viikonloppuna kun kisat alkoivat tiistaina.<\/p>\n\n\n\n<p>Ensimm\u00e4isen\u00e4 tiimist\u00e4 aloitti Miina ja Freir heti tiistaina nelik\u00e4ynnin karsinnoissa. <\/p>\n\n\n\n<figure class=\"wp-block-embed is-type-video is-provider-youtube wp-block-embed-youtube wp-embed-aspect-16-9 wp-has-aspect-ratio\"><div class=\"wp-block-embed__wrapper\">\n<iframe loading=\"lazy\" title=\"NC2022 Ahvenanmaa 8.-14.8.2022\" width=\"900\" height=\"506\" src=\"https:\/\/www.youtube.com\/embed\/videoseries?list=PLS2AFeBJrHekIibgOMFAAU94C5FZ_LWuE\" frameborder=\"0\" allow=\"accelerometer; autoplay; clipboard-write; encrypted-media; gyroscope; picture-in-picture\" allowfullscreen><\/iframe>\n<\/div><figcaption>T1Y karsinta, Miina \/ Freir<\/figcaption><\/figure>\n\n\n\n<p>Hyv\u00e4st\u00e4 suorituksesta he saivat pisteet 6,43 ja paikan suoraan A-finaaliin kolmannelta sijalta.<\/p>\n\n\n\n<hr class=\"wp-block-separator\"\/>\n\n\n\n<p>Keskiviikkona jatkui ratsukon urakka nelik\u00e4ynniss\u00e4 ja nyt sijalta 10. pistein 6,30 varmistui my\u00f6s B-finaalipaikka, mahtavaa!<\/p>\n\n\n\n<figure class=\"wp-block-embed is-type-video is-provider-youtube wp-block-embed-youtube wp-embed-aspect-16-9 wp-has-aspect-ratio\"><div class=\"wp-block-embed__wrapper\">\n<iframe loading=\"lazy\" title=\"V1 Sarsama \/ Freir fra Kaakkola\" width=\"900\" height=\"506\" src=\"https:\/\/www.youtube.com\/embed\/2_c2x9JrITQ?feature=oembed\" frameborder=\"0\" allow=\"accelerometer; autoplay; clipboard-write; encrypted-media; gyroscope; picture-in-picture\" allowfullscreen><\/iframe>\n<\/div><figcaption>Katsomossa kannustettiin !<\/figcaption><\/figure>\n\n\n\n<p>Lauran ja H\u00e9lan vuoro nelik\u00e4ynniss\u00e4. <\/p>\n\n\n\n<figure class=\"wp-block-embed is-type-video is-provider-youtube wp-block-embed-youtube wp-embed-aspect-16-9 wp-has-aspect-ratio\"><div class=\"wp-block-embed__wrapper\">\n<iframe loading=\"lazy\" title=\"V1 Laura Nystr\u00f6m \/ Hela fra Kaakkola\" width=\"900\" height=\"506\" src=\"https:\/\/www.youtube.com\/embed\/cALb_XrDXtk?feature=oembed\" frameborder=\"0\" allow=\"accelerometer; autoplay; clipboard-write; encrypted-media; gyroscope; picture-in-picture\" allowfullscreen><\/iframe>\n<\/div><figcaption>V1 Laura ja H\u00e9la<\/figcaption><\/figure>\n\n\n\n<p>Hieno suoritus, mutta pisteet j\u00e4iv\u00e4t 5,97, joten ratsukko ei saanut finaalipaikkaa. T\u00e4m\u00e4 oli my\u00f6s Lauran ensiesiintyminen kansainv\u00e4lisell\u00e4 areenalla ja taso t\u00e4\u00e4ll\u00e4 on senioreissa j\u00e4\u00e4t\u00e4v\u00e4.<\/p>\n\n\n\n<p>Iltap\u00e4iv\u00e4st\u00e4 oli vuorossa PP1 eli tyylipassi, mukana Kerttu sek\u00e4 Veera. Vaikea passilaji, jossa arvostellaan pistein passin laatua ett\u00e4 siirtymist\u00e4\/hidastusta, mutta pisteisiin vaikuttaa kuitenkin my\u00f6s merkitt\u00e4v\u00e4sti juostu aika. Kaksi juoksua ja niist\u00e4 saadut pisteet lasketaan yhteen. T\u00e4m\u00e4 on eritt\u00e4in vaikea laji, joka oikeastaan vaatii kaikkien osioiden onnistumista molemmilla kerroilla jos mielii hyv\u00e4\u00e4 tulosta pisteiss\u00e4.<\/p>\n\n\n\n<p>Ensiksi ratsasti Veera ja t\u00e4m\u00e4 oli h\u00e4nen ensimm\u00e4inen l\u00e4ht\u00f6ns\u00e4 kansainv\u00e4lisell\u00e4 tasolla, -voit vain arvata paljonko oli perhosia vatsassa..<\/p>\n\n\n\n<figure class=\"wp-block-embed is-type-video is-provider-youtube wp-block-embed-youtube wp-embed-aspect-16-9 wp-has-aspect-ratio\"><div class=\"wp-block-embed__wrapper\">\n<iframe loading=\"lazy\" title=\"PP1 Veera Niemi \/ Hekla fra Vidarbrekku\" width=\"900\" height=\"506\" src=\"https:\/\/www.youtube.com\/embed\/zg3sXwlgiAQ?feature=oembed\" frameborder=\"0\" allow=\"accelerometer; autoplay; clipboard-write; encrypted-media; gyroscope; picture-in-picture\" allowfullscreen><\/iframe>\n<\/div><figcaption>PP1 Veera ja Hekla<\/figcaption><\/figure>\n\n\n\n<p>Tyylik\u00e4s suoritus tilanteessa, alusta 5,0, passin laadusta 5,5 ja 6,0, hidastuksesta 4,0, aika (100m) 10,2 ja n\u00e4ist\u00e4 kokonaispisteet ensimm\u00e4isest\u00e4 4,92 , hieno alku!<br><br>Kertun vuoro:<\/p>\n\n\n\n<figure class=\"wp-block-embed is-type-video is-provider-youtube wp-block-embed-youtube wp-embed-aspect-16-9 wp-has-aspect-ratio\"><div class=\"wp-block-embed__wrapper\">\n<iframe loading=\"lazy\" title=\"PP1 Gerda-Eerika Viinanen \/ Svala fra Minni-Borg\" width=\"900\" height=\"506\" src=\"https:\/\/www.youtube.com\/embed\/xonJONjXDdY?feature=oembed\" frameborder=\"0\" allow=\"accelerometer; autoplay; clipboard-write; encrypted-media; gyroscope; picture-in-picture\" allowfullscreen><\/iframe>\n<\/div><figcaption>PP1 Kerttu ja Svala<\/figcaption><\/figure>\n\n\n\n<p>Svala ei arvosta kovin alkuja eik\u00e4 loppuja, mutta passin juoksemista kyll\u00e4. Alku ja loppu j\u00e4iv\u00e4t 0,0 ja 1,0 arvoisiksi, mutta passin laadusta 2*7,5pistett\u00e4 ja aika huima 8,1sekuntia! Pisteit\u00e4 juoksusta kertyi n\u00e4iden ansiosta 5,92.<\/p>\n\n\n\n<p>Toinen juoksu p\u00e4\u00e4tyi molemmilla ratsukoilla rikkoon, joten kokonaispisteiss\u00e4 j\u00e4iv\u00e4t ratsukkomme sijoille 11. ja 15. (18 ratsukkoa). Veeran 11. sija oli ensikertalaiselle upea suoritus vaikka toki j\u00e4i taatusti harmittamaan toisen juoksun rikkoontuminen, mutta kuten sanottu, t\u00e4m\u00e4 on laji, joka vaatii &#8221;t\u00e4ydellist\u00e4&#8221; onnistumista. Parhaaseen suoritukseen t\u00e4hd\u00e4tess\u00e4 on harmillisen usein tyydytt\u00e4v\u00e4 tilanteeseen ett\u00e4 tulee my\u00f6s nollia.<\/p>\n\n\n\n<hr class=\"wp-block-separator\"\/>\n\n\n\n<p>Oltiin jo torstaissa, Laura ja H\u00e9la  radalle, vuorossa oli T2 luokka, jossa ratsastetaan viimeinen osio ilman ohjaskontaktia. Ensimm\u00e4inen kierron vapaavalintaista t\u00f6ltti\u00e4, toinen kierros hidasta, mink\u00e4 j\u00e4lkeen suunnanvaihdos.<\/p>\n\n\n\n<figure class=\"wp-block-embed is-type-video is-provider-youtube wp-block-embed-youtube wp-embed-aspect-16-9 wp-has-aspect-ratio\"><div class=\"wp-block-embed__wrapper\">\n<iframe loading=\"lazy\" title=\"T2 Laura Nystr\u00f6m \/ Hela fra Kaakkola\" width=\"900\" height=\"506\" src=\"https:\/\/www.youtube.com\/embed\/F6BHbjyh4Bs?feature=oembed\" frameborder=\"0\" allow=\"accelerometer; autoplay; clipboard-write; encrypted-media; gyroscope; picture-in-picture\" allowfullscreen><\/iframe>\n<\/div><\/figure>\n\n\n\n<p>Ratsukko suoritti kylm\u00e4hermoisesti tasollaan mutta finaalipaikkaan se aivan riitt\u00e4nyt. Kaunis ja &#8221;virheet\u00f6n&#8221; suoritus, pisteit\u00e4 6,0-7,5 ja kokonaispisteet 6,43 oikeuttivat luokassa t\u00e4ll\u00e4 kertaa12. sijaan. Upeat Laura ja H\u00e9la!<\/p>\n\n\n\n<p>Laura p\u00e4\u00e4si iltap\u00e4iv\u00e4st\u00e4 viel\u00e4 toisenkin kerran radalle, nyt ratsunaan Gilda ja laji vaihtui Gaedingakepnin A-flokkuriin. Kyseess\u00e4 on islantilainen kilpailumuoto, jossa askellajien lis\u00e4ksi ko. luokassa arvostellaan my\u00f6s hevosen viljakkuus ja muoto ratsastettaessa. Suoritus arvostellaan pidemm\u00e4ll\u00e4 300m ovaalilla (sport-luokissa 250m) jossa ratsukot esitt\u00e4v\u00e4t parastaan pitkill\u00e4 suorilla, p\u00e4\u00e4tyj\u00e4 ei arvostella. Passi esitet\u00e4\u00e4n passisuoralla. Luokan ideana on n\u00e4ytt\u00e4\u00e4 hevosen parasta osaamista ja se on eritt\u00e4in vauhdikas ja n\u00e4ytt\u00e4v\u00e4. Toivottavasti lajin suosio nousee my\u00f6s Suomessa tulevaisuudessa.<\/p>\n\n\n\n<figure class=\"wp-block-embed is-type-video is-provider-youtube wp-block-embed-youtube wp-embed-aspect-16-9 wp-has-aspect-ratio\"><div class=\"wp-block-embed__wrapper\">\n<iframe loading=\"lazy\" title=\"GDA Laura Nystr\u00f6m \/ Gilda fra Stenkullag\u00e5rd\" width=\"900\" height=\"506\" src=\"https:\/\/www.youtube.com\/embed\/wp-vvwDsiRk?feature=oembed\" frameborder=\"0\" allow=\"accelerometer; autoplay; clipboard-write; encrypted-media; gyroscope; picture-in-picture\" allowfullscreen><\/iframe>\n<\/div><figcaption>GDA Laura ja Gilda<\/figcaption><\/figure>\n\n\n\n<p>Ja hienosti Laura ratsasti my\u00f6s n\u00e4ytt\u00e4v\u00e4n Gildan. T\u00e4m\u00e4 oli heid\u00e4n toinen suorituksensa Gaedingakepniss\u00e4 koskaan ja ensimm\u00e4inen ovaalilla. (kilpailu voidaan suorittaa my\u00f6s suoralla edestakaisin ratsastaen). Pisteet 8,250 ja B-finaaliin!<\/p>\n\n\n\n<p>Perjantai alkoi P1 luokalla eli pitk\u00e4ll\u00e4 250m passilla, jonka l\u00e4ht\u00f6 on kopeista pareittain, 2 l\u00e4ht\u00f6\u00e4 + 2 l\u00e4ht\u00f6\u00e4 seuraavana p\u00e4iv\u00e4n\u00e4. Mukana Veera ja Kerttu.<br>Ensimm\u00e4isest\u00e4 juoksusta kumpikaan ei valitettavasti saanut aikaa vaan hevoset rikkoivat laukalle.<br>Toinen l\u00e4ht\u00f6 tuotti tulosta.<\/p>\n\n\n\n<figure class=\"wp-block-embed is-type-video is-provider-youtube wp-block-embed-youtube wp-embed-aspect-16-9 wp-has-aspect-ratio\"><div class=\"wp-block-embed__wrapper\">\n<iframe loading=\"lazy\" title=\"P1 Gerda-Eerika Viinanen \/ Svala fra Minni-Borg\" width=\"900\" height=\"506\" src=\"https:\/\/www.youtube.com\/embed\/kza3B5SWYls?feature=oembed\" frameborder=\"0\" allow=\"accelerometer; autoplay; clipboard-write; encrypted-media; gyroscope; picture-in-picture\" allowfullscreen><\/iframe>\n<\/div><\/figure>\n\n\n\n<p>T\u00e4ss\u00e4 Kertun ja Svalan n\u00e4ytt\u00f6, aika 23,63sek!<br>Veera ja Hekla eiv\u00e4t saaneet toista juoksua ehj\u00e4n\u00e4 maaliin ja j\u00e4iv\u00e4t odottamaan seuraavaa p\u00e4iv\u00e4\u00e4.<\/p>\n\n\n\n<hr class=\"wp-block-separator\"\/>\n\n\n\n<p>Lauantaina oli vuorossa Lauralla GDA B-finaali Gildalla. Lauran ensimm\u00e4inen finaali lajissa koskaan! Suomessa kun ei aiemmin ole finaaleita p\u00e4\u00e4sty j\u00e4rjest\u00e4m\u00e4\u00e4n, joten olipa j\u00e4nnitt\u00e4v\u00e4 paikka tutustua asiaan. Ratsukko pysyi hyvin mukana kyydeiss\u00e4, mutta ehk\u00e4 kokemusta olisi suonut olla enemm\u00e4n, jotta olisi saanut finaalista kaiken irti. Pisteet samat kuin karsinnoissa parannettuna 0,01 eli 8,260.<\/p>\n\n\n\n<figure class=\"wp-block-embed is-type-video is-provider-youtube wp-block-embed-youtube wp-embed-aspect-16-9 wp-has-aspect-ratio\"><div class=\"wp-block-embed__wrapper\">\n<iframe loading=\"lazy\" title=\"GDA B-finaali, kaikki osiot\" width=\"900\" height=\"506\" src=\"https:\/\/www.youtube.com\/embed\/lrw3vZY5pJg?feature=oembed\" frameborder=\"0\" allow=\"accelerometer; autoplay; clipboard-write; encrypted-media; gyroscope; picture-in-picture\" allowfullscreen><\/iframe>\n<\/div><\/figure>\n\n\n\n<p>P\u00e4iv\u00e4n viimeisen\u00e4 juostiin P1 j\u00e4lkimm\u00e4iset kaksi juoksua eli pian n\u00e4ht\u00e4isiin kuka oli nopein eli voittaa kisan. Johdossa oli Kerttu ja Svala ajallaan 23,63sek ja toisena Ruotsin Inka Kelahaara ajalla 24,14sek. Kerttu oli eilisen j\u00e4ljilt\u00e4 laskenut ett\u00e4 todenn\u00e4k\u00f6isesti kukaan ei alita h\u00e4nen aikaansa ja j\u00e4i pois lauantain juoksuista s\u00e4\u00e4st\u00e4en Svalan voimia seuraavaan luokkaan. Sen sijaan Veeralla oli viel\u00e4 aika saamatta ja n\u00e4yt\u00f6n paikka. T\u00e4t\u00e4 ei yht\u00e4\u00e4n helpottanut tilanne ett\u00e4 Hekla oli edellisen\u00e4 p\u00e4iv\u00e4n\u00e4 pel\u00e4stynyt kopissa ja herkk\u00e4n\u00e4 hevosena siit\u00e4 j\u00e4rkyttynyt ja ep\u00e4varma koko l\u00e4ht\u00f6telineest\u00e4. Mutta niin vain tiimi ty\u00f6sti asiaa ja tamman mieli saatiin rauhoittumaan ja Hekla muuttamaan mielipiteens\u00e4.<\/p>\n\n\n\n<figure class=\"wp-block-embed is-type-video is-provider-youtube wp-block-embed-youtube wp-embed-aspect-16-9 wp-has-aspect-ratio\"><div class=\"wp-block-embed__wrapper\">\n<iframe loading=\"lazy\" title=\"P1 Veera Niemi \/ Hekla fra Vidarbrekku\" width=\"900\" height=\"506\" src=\"https:\/\/www.youtube.com\/embed\/m6e2WcyYI-k?feature=oembed\" frameborder=\"0\" allow=\"accelerometer; autoplay; clipboard-write; encrypted-media; gyroscope; picture-in-picture\" allowfullscreen><\/iframe>\n<\/div><figcaption>P1 Veera ja Hekla<\/figcaption><\/figure>\n\n\n\n<p>Hieman j\u00e4i Hekla viel\u00e4 pomppimaan kopista l\u00e4hd\u00f6n j\u00e4lkeen, Veera auttoi hevosen kuitenkin passiin ja loppujuoksu sujui oikein hyvin. Toki aika j\u00e4i nyt hitaaksi, mutta hyv\u00e4ksytty suoritus ! Loppujen lopuksi he sijoittuivat seitsem\u00e4nsiksi, oiva suoritus!<\/p>\n\n\n\n<p>Mutta niin kuin oli Kerttu laskelmoinut, ei nopeampaa aikaa lauantaina juostu ja niin p\u00e4\u00e4si ratsukko kauan himoitsemalleen paikalle ottamaan vastaan kultamitalin ja asiaan kuuluvat muut palkinnot. Kultaa Suomeen arvokisoista, t\u00e4t\u00e4 oli kaivattu pitk\u00e4\u00e4n!<\/p>\n\n\n\n<figure class=\"wp-block-embed is-type-video is-provider-youtube wp-block-embed-youtube wp-embed-aspect-16-9 wp-has-aspect-ratio\"><div class=\"wp-block-embed__wrapper\">\n<iframe loading=\"lazy\" title=\"P1Y palkintojenjako ja haastattelu\" width=\"900\" height=\"506\" src=\"https:\/\/www.youtube.com\/embed\/sizvEd8zs_M?feature=oembed\" frameborder=\"0\" allow=\"accelerometer; autoplay; clipboard-write; encrypted-media; gyroscope; picture-in-picture\" allowfullscreen><\/iframe>\n<\/div><figcaption>P1Y palkintojenjako<\/figcaption><\/figure>\n\n\n\n<p>Ei ollut Kerttu ehtinyt kuitenkaan puhetta miettim\u00e4\u00e4n vaan esiintyi taatusti spontaanisti haastattelijan kysyess\u00e4 oliko h\u00e4n odottanut voittavansa kisat. No KYLL\u00c4 ja lis\u00e4si viel\u00e4 hieman kainosti ett\u00e4 oli ajatellut voitaa kenties huomisenkin luokan. Kanssakilpailijoiden ilmeist\u00e4 pystyi lukemaan pient\u00e4 h\u00e4mmentyneisyytt\u00e4 ?<\/p>\n\n\n\n<hr class=\"wp-block-separator\"\/>\n\n\n\n<p>Sunnuntai, viimeinen kisap\u00e4iv\u00e4. Aamu alkoi j\u00e4lleen passeilla, nyt vuorossa P2 eli speedpassi, 100m aikajuoksu, nopein aika voittaa, kaksi yrityst\u00e4 per ratsukko. Mukana Veera ja Kerttu.<\/p>\n\n\n\n<figure class=\"wp-block-embed is-type-video is-provider-youtube wp-block-embed-youtube wp-embed-aspect-16-9 wp-has-aspect-ratio\"><div class=\"wp-block-embed__wrapper\">\n<iframe loading=\"lazy\" title=\"P2Y Gerda-Eerika Viinanen \/ Svala fra Minni-Borg\" width=\"900\" height=\"506\" src=\"https:\/\/www.youtube.com\/embed\/6Sdwja-aHOE?feature=oembed\" frameborder=\"0\" allow=\"accelerometer; autoplay; clipboard-write; encrypted-media; gyroscope; picture-in-picture\" allowfullscreen><\/iframe>\n<\/div><\/figure>\n\n\n\n<p>Ensimm\u00e4inen juoksu, Kerttu siirsi varmoin ottein Svalan passiin hyviss\u00e4 ajoin ennen merkki\u00e4 ja he liisiv\u00e4t kirjaimellisesti koko suoran upeaa passia. Ajaksi tuli t\u00e4ll\u00e4 kertaa 8,04 sekuntia, mik\u00e4 sai heid\u00e4t johtoon ensimm\u00e4isell\u00e4 kierroksella.<\/p>\n\n\n\n<p>Toinen kierros juostiin k\u00e4\u00e4nteisess\u00e4 j\u00e4rjestyksess\u00e4 eli ilman aikaa olevat ja sen j\u00e4lkeen hitaimmasta nopeinpaan, joten j\u00e4nnitys tiivistyi loppua kohden kutkuttavasti.<br>Veera ei saanut ensimm\u00e4isest\u00e4 juoksusta aikaa, joten toisella oli onnistuttava. Rauhallisesti h\u00e4n kiihdytti Heklan ilman laukkaa suoraa passiin ja niin he saivat t\u00e4st\u00e4kin luuokasta hyv\u00e4ksytyn suorituksen. Upeaa ty\u00f6t\u00e4 ensikertalaiselta ja etenkin kun Heklan &#8221;passihevosmoodi&#8221; oikeastaan l\u00f6ytyi vasta loppukes\u00e4st\u00e4, t\u00e4m\u00e4 oli huikea suoritus molemmilta. P2 aika oli 9,55 ja sijoitus 11.<\/p>\n\n\n\n<figure class=\"wp-block-embed is-type-video is-provider-youtube wp-block-embed-youtube wp-embed-aspect-16-9 wp-has-aspect-ratio\"><div class=\"wp-block-embed__wrapper\">\n<iframe loading=\"lazy\" title=\"P2Y Veera Niemi \/ Hekla fra Vidarbrekku\" width=\"900\" height=\"506\" src=\"https:\/\/www.youtube.com\/embed\/SG-lZKxVk3c?feature=oembed\" frameborder=\"0\" allow=\"accelerometer; autoplay; clipboard-write; encrypted-media; gyroscope; picture-in-picture\" allowfullscreen><\/iframe>\n<\/div><\/figure>\n\n\n\n<p>Sitten oli j\u00e4ljell\u00e4 kaksi viimeist\u00e4 ja nopeinta ratsukkoa. Inka Kelahaaralla oli pohjalla aika joka oli vain 0,07 sekuntia hitaampi Kertun ja Svalan aikaa.<\/p>\n\n\n\n<figure class=\"wp-block-embed is-type-video is-provider-youtube wp-block-embed-youtube wp-embed-aspect-16-9 wp-has-aspect-ratio\"><div class=\"wp-block-embed__wrapper\">\n<iframe loading=\"lazy\" title=\"P2Y Inka Kelahaara \/Bida fra Rip ja Gerda-Eerika Viinanen \/ Svala fra Minni-Borg\" width=\"900\" height=\"506\" src=\"https:\/\/www.youtube.com\/embed\/X2J1auAJnKk?feature=oembed\" frameborder=\"0\" allow=\"accelerometer; autoplay; clipboard-write; encrypted-media; gyroscope; picture-in-picture\" allowfullscreen><\/iframe>\n<\/div><figcaption>Inka ja Kerttu<\/figcaption><\/figure>\n\n\n\n<p>Inka ja ratsunsa Bida fra R\u00edp tekiv\u00e4t kaikkensa, mutta toisen juoksun aika oli sama 8,14, joten viimeisen\u00e4 ratsastaja Kerttu saattoi vain nauttia ja tuulettaa. Yhdell\u00e4 k\u00e4dell\u00e4 saatiin sama aika kuin Inkalla, joten ilmeisesti kirist\u00e4misen varaakin viel\u00e4 olisi ollut. Mutta t\u00e4m\u00e4 j\u00e4\u00e4 n\u00e4ht\u00e4v\u00e4ksi my\u00f6hemmin, nyt ratsukko teki mink\u00e4 oli p\u00e4\u00e4tt\u00e4nyt ja hurraata huudamme!<\/p>\n\n\n\n<p>Viel\u00e4 oli mitalin\u00e4lk\u00e4\u00e4 j\u00e4ljell\u00e4 kun iltap\u00e4iv\u00e4st\u00e4 oli vuorossa nuorten T1 finaali, mit\u00e4 tekisi Miina ja Freir, heill\u00e4 oli 3 sija pohjalla ja tiedossa Freirin tapa kasvaa finaalissa. Toki odotukset olivat varovaisia, t\u00e4llaisessa seurassa ei ollut ratsukolla kokemusta ja tiedossa oli ett\u00e4 t\u00e4ysill\u00e4 pit\u00e4\u00e4 nyt menn\u00e4. Niin mentiinkin<\/p>\n\n\n\n<figure class=\"wp-block-embed is-type-video is-provider-youtube wp-block-embed-youtube wp-embed-aspect-16-9 wp-has-aspect-ratio\"><div class=\"wp-block-embed__wrapper\">\n<iframe loading=\"lazy\" title=\"T1 A fin\" width=\"900\" height=\"506\" src=\"https:\/\/www.youtube.com\/embed\/XcVrwTUsFHs?feature=oembed\" frameborder=\"0\" allow=\"accelerometer; autoplay; clipboard-write; encrypted-media; gyroscope; picture-in-picture\" allowfullscreen><\/iframe>\n<\/div><figcaption>Miina ja Freir T1 A-finaali<\/figcaption><\/figure>\n\n\n\n<p>Viimeisen osion toinen kierros vei tikkarin suusta ja oli vain todettava ett\u00e4 upeaa menoa siihen asti ja ensi kerralla toivottavasti on jo helpompaa. Miina ja Freir her\u00e4ttiv\u00e4t kyll\u00e4 ihastusta ja veikkaan ett\u00e4 &#8221;meni vihkoon&#8221; monella. Komea debyytti joka tapauksessa ja lopun vaikeuksista huolimatta pisteet silti 6,56 ja 4. sija. <\/p>\n\n\n\n<p>N\u00e4in oli tiimin suoritukset tehty ja aika palata kotiin. Koko joukko saa olla ylpeit\u00e4 itsest\u00e4\u00e4n, kisat olivat kaikille taatusti ikimuistoiset. Kertulle vihdoin ansaitut voitot, kaksinkertainen pohjoismaiden mestaruus ja muille hyvi\u00e4 kokemuksia ja sijoituksia, n\u00e4lk\u00e4 p\u00e4\u00e4st\u00e4 kenties vuoden p\u00e4\u00e4st\u00e4 MM-kilpailuihin Hollannin Oirschottiin! <\/p>\n\n\n\n<figure class=\"wp-block-image size-large\"><img loading=\"lazy\" width=\"1024\" height=\"684\" src=\"http:\/\/5ghorses.com\/wp-content\/uploads\/2022\/08\/Image-1-002-1024x684.jpg\" alt=\"\" class=\"wp-image-43117\" srcset=\"http:\/\/5ghorses.com\/wp-content\/uploads\/2022\/08\/Image-1-002-1024x684.jpg 1024w, http:\/\/5ghorses.com\/wp-content\/uploads\/2022\/08\/Image-1-002-300x200.jpg 300w, http:\/\/5ghorses.com\/wp-content\/uploads\/2022\/08\/Image-1-002-768x513.jpg 768w, http:\/\/5ghorses.com\/wp-content\/uploads\/2022\/08\/Image-1-002-1536x1025.jpg 1536w, http:\/\/5ghorses.com\/wp-content\/uploads\/2022\/08\/Image-1-002-400x267.jpg 400w, http:\/\/5ghorses.com\/wp-content\/uploads\/2022\/08\/Image-1-002-600x401.jpg 600w, http:\/\/5ghorses.com\/wp-content\/uploads\/2022\/08\/Image-1-002.jpg 1600w\" sizes=\"(max-width: 1024px) 100vw, 1024px\" \/><\/figure>\n\n\n\n<p>Kiitokset kaikille ratsastajien henkil\u00f6kohtaisille tukijoille ja sponsoreille, 5G Horses tiimi\u00e4 ovat kaudelle tukeneet:<br>Speedex <br>Landm\u00e4nnen Agro JS Perttula<br>Hevosurheilu<br>Kaakkolan tila<\/p>\n\n\n\n<div class=\"wp-block-image\"><figure class=\"aligncenter size-large\"><img loading=\"lazy\" width=\"1024\" height=\"309\" src=\"http:\/\/5ghorses.com\/wp-content\/uploads\/2022\/08\/speedexlogo-1-1024x309.jpg\" alt=\"\" class=\"wp-image-43123\" srcset=\"http:\/\/5ghorses.com\/wp-content\/uploads\/2022\/08\/speedexlogo-1-1024x309.jpg 1024w, http:\/\/5ghorses.com\/wp-content\/uploads\/2022\/08\/speedexlogo-1-300x91.jpg 300w, http:\/\/5ghorses.com\/wp-content\/uploads\/2022\/08\/speedexlogo-1-768x232.jpg 768w, http:\/\/5ghorses.com\/wp-content\/uploads\/2022\/08\/speedexlogo-1-400x121.jpg 400w, http:\/\/5ghorses.com\/wp-content\/uploads\/2022\/08\/speedexlogo-1-600x181.jpg 600w, http:\/\/5ghorses.com\/wp-content\/uploads\/2022\/08\/speedexlogo-1.jpg 1200w\" sizes=\"(max-width: 1024px) 100vw, 1024px\" \/><\/figure><\/div>\n\n\n\n<div class=\"wp-block-image\"><figure class=\"aligncenter size-large is-resized\"><img loading=\"lazy\" src=\"http:\/\/5ghorses.com\/wp-content\/uploads\/2022\/08\/kaakkola_logouusi-1-902x1024.png\" alt=\"\" class=\"wp-image-43122\" width=\"479\" height=\"543\" srcset=\"http:\/\/5ghorses.com\/wp-content\/uploads\/2022\/08\/kaakkola_logouusi-1-902x1024.png 902w, http:\/\/5ghorses.com\/wp-content\/uploads\/2022\/08\/kaakkola_logouusi-1-264x300.png 264w, http:\/\/5ghorses.com\/wp-content\/uploads\/2022\/08\/kaakkola_logouusi-1-768x872.png 768w, http:\/\/5ghorses.com\/wp-content\/uploads\/2022\/08\/kaakkola_logouusi-1-1353x1536.png 1353w, http:\/\/5ghorses.com\/wp-content\/uploads\/2022\/08\/kaakkola_logouusi-1-1804x2048.png 1804w, http:\/\/5ghorses.com\/wp-content\/uploads\/2022\/08\/kaakkola_logouusi-1-400x454.png 400w, http:\/\/5ghorses.com\/wp-content\/uploads\/2022\/08\/kaakkola_logouusi-1-600x681.png 600w\" sizes=\"(max-width: 479px) 100vw, 479px\" \/><\/figure><\/div>\n\n\n\n<div class=\"wp-block-group\"><div class=\"wp-block-group__inner-container\">\n<div class=\"wp-block-columns\">\n<div class=\"wp-block-column\" style=\"flex-basis:100%\">\n<div class=\"wp-block-image\"><figure class=\"aligncenter size-full\"><img loading=\"lazy\" width=\"967\" height=\"259\" src=\"http:\/\/5ghorses.com\/wp-content\/uploads\/2022\/07\/JS-Perttula-Oy-logo-002.jpg\" alt=\"\" class=\"wp-image-43060\" srcset=\"http:\/\/5ghorses.com\/wp-content\/uploads\/2022\/07\/JS-Perttula-Oy-logo-002.jpg 967w, http:\/\/5ghorses.com\/wp-content\/uploads\/2022\/07\/JS-Perttula-Oy-logo-002-300x80.jpg 300w, http:\/\/5ghorses.com\/wp-content\/uploads\/2022\/07\/JS-Perttula-Oy-logo-002-768x206.jpg 768w, http:\/\/5ghorses.com\/wp-content\/uploads\/2022\/07\/JS-Perttula-Oy-logo-002-400x107.jpg 400w, http:\/\/5ghorses.com\/wp-content\/uploads\/2022\/07\/JS-Perttula-Oy-logo-002-600x161.jpg 600w\" sizes=\"(max-width: 967px) 100vw, 967px\" \/><\/figure><\/div>\n\n\n\n<div class=\"wp-block-image\"><figure class=\"aligncenter size-full is-resized\"><img loading=\"lazy\" src=\"http:\/\/5ghorses.com\/wp-content\/uploads\/2022\/07\/lataus-5.png\" alt=\"\" class=\"wp-image-43065\" width=\"841\" height=\"283\" srcset=\"http:\/\/5ghorses.com\/wp-content\/uploads\/2022\/07\/lataus-5.png 387w, http:\/\/5ghorses.com\/wp-content\/uploads\/2022\/07\/lataus-5-300x101.png 300w\" sizes=\"(max-width: 841px) 100vw, 841px\" \/><\/figure><\/div>\n<\/div>\n<\/div>\n<\/div><\/div>\n\n\n\n<p> <\/p>\n","protected":false},"excerpt":{"rendered":"<p>Pohjoismaiset mestaruuskilpailut pidettiin lopultakin Suomessa, Ahvenanmaalla 9.-14.8.2022. Mukana oli enn\u00e4tysm\u00e4\u00e4r\u00e4 l\u00e4ht\u00f6j\u00e4 ja ratsukoita Islannista, Ruotsista, Norjasta, Tanskasta, F\u00e4rsaarilta ja tietenkin Suomesta.Tiimist\u00e4mme mukaan maajoukkueeseen oli valittu nuorista Gerda-Eerika, Miina ja Veera,&hellip;<\/p>\n<div class=\"read-more\"><a href=\"http:\/\/5ghorses.com\/index.php\/2022\/08\/17\/kertulle-kaksi-pm-kultaa\/\" class=\"read-more-link\">See More<\/a><\/div>\n","protected":false},"author":1,"featured_media":43129,"comment_status":"closed","ping_status":"closed","sticky":false,"template":"","format":"standard","meta":{"sfsi_plus_gutenberg_text_before_share":"","sfsi_plus_gutenberg_show_text_before_share":"","sfsi_plus_gutenberg_icon_type":"","sfsi_plus_gutenberg_icon_alignemt":"","sfsi_plus_gutenburg_max_per_row":""},"categories":[90,87,40,86,25,31,28,95,69,92,93,91,27,77],"tags":[],"_links":{"self":[{"href":"http:\/\/5ghorses.com\/index.php\/wp-json\/wp\/v2\/posts\/43096"}],"collection":[{"href":"http:\/\/5ghorses.com\/index.php\/wp-json\/wp\/v2\/posts"}],"about":[{"href":"http:\/\/5ghorses.com\/index.php\/wp-json\/wp\/v2\/types\/post"}],"author":[{"embeddable":true,"href":"http:\/\/5ghorses.com\/index.php\/wp-json\/wp\/v2\/users\/1"}],"replies":[{"embeddable":true,"href":"http:\/\/5ghorses.com\/index.php\/wp-json\/wp\/v2\/comments?post=43096"}],"version-history":[{"count":17,"href":"http:\/\/5ghorses.com\/index.php\/wp-json\/wp\/v2\/posts\/43096\/revisions"}],"predecessor-version":[{"id":43131,"href":"http:\/\/5ghorses.com\/index.php\/wp-json\/wp\/v2\/posts\/43096\/revisions\/43131"}],"wp:featuredmedia":[{"embeddable":true,"href":"http:\/\/5ghorses.com\/index.php\/wp-json\/wp\/v2\/media\/43129"}],"wp:attachment":[{"href":"http:\/\/5ghorses.com\/index.php\/wp-json\/wp\/v2\/media?parent=43096"}],"wp:term":[{"taxonomy":"category","embeddable":true,"href":"http:\/\/5ghorses.com\/index.php\/wp-json\/wp\/v2\/categories?post=43096"},{"taxonomy":"post_tag","embeddable":true,"href":"http:\/\/5ghorses.com\/index.php\/wp-json\/wp\/v2\/tags?post=43096"}],"curies":[{"name":"wp","href":"https:\/\/api.w.org\/{rel}","templated":true}]}}